{"id":3404,"date":"2021-09-07T05:36:03","date_gmt":"2021-09-07T05:36:03","guid":{"rendered":"https:\/\/z3-livecommunication.com\/?p=3404"},"modified":"2024-04-02T11:37:16","modified_gmt":"2024-04-02T11:37:16","slug":"zeit-fuer-neue-wege-im-messegeschehen","status":"publish","type":"post","link":"https:\/\/z3-livecommunication.com\/en\/zeit-fuer-neue-wege-im-messegeschehen\/","title":{"rendered":"Zeit f\u00fcr neue Wege im Messegeschehen"},"content":{"rendered":"<div class=\"wpb-content-wrapper\"><p>[vc_row][vc_column][vc_empty_space height=&#8221;60px&#8221;][vc_column_text]Die Corona-Pandemie stellt die Gesellschaft vor neue Herausforderungen und geht f\u00fcr einige Branchen mit einem harten Schnitt einher. Auch wir von der Z3 Live Communication AG sind davon betroffen, denn das Messegeschehen steht still. Doch das bedeutet nicht, dass auch wir selbst nichts machen. Es ist an der Zeit, die von uns eingeschlagenen Wege, noch weiter auszubauen, und genau das tun wir. Schon jetzt bereiten wir uns voller Engagement und Kreativit\u00e4t auf die Zeit nach der Pandemie vor. Wir bleiben Ihr One-Stop-Shop f\u00fcr s\u00e4mtliche Messeangelegenheiten auf nationaler und internationaler Ebene.<\/p>\n<p>Von der Planung Ihres Projekts bis zur Pr\u00e4sentation Ihrer Produkte und Dienstleistungen werden wir auch zuk\u00fcnftig an Ihrer Seite stehen. Ausgestattet mit mehr als 30 Jahren Berufserfahrung und einem grossen Netzwerk visualisieren wir Entw\u00fcrfe fotorealistisch und planen jeden <a href=\"https:\/\/z3-livecommunication.com\/zehn-hilfreiche-tipps-fuer-ein-angemessenes-messestand-design\/\">Messestand Design<\/a> umfassend. Auch bei der Bauleitung sind wir an vorderster Front dabei. S\u00e4mtliche Kosten und Deadlines haben wir dabei stets verl\u00e4sslich im Blick.\u00a0Wir b\u00fcndeln das Wissen von Top-Experten und hatten in den letzten Jahren die Chance, Kunden weltweit zu betreuen. Wir werden den hohen Anspr\u00fcchen, die an Dienstleistungen in der Schweiz gestellt werden, gerecht und halten Ihren Aufwand minimal.[\/vc_column_text][vc_column_text]Sobald Sie an Ihren von uns ausgerichteten Messestand kommen, sind s\u00e4mtliche Arbeiten bereits beendet, und Ihre Pr\u00e4sentation kann beginnen. Jede Messe ist mit Spannung und Aufregung verbunden. Derartige Veranstaltungen bieten Unternehmen zahlreiche Chancen, neue Kunden zu gewinnen und die eigenen Erfolge auszubauen. Doch das geht mit viel Arbeit einher. Wir von der Z3 Live Communication AG nehmen Ihnen den Stress. Wenn es dann so weit ist und die Messen auf Hochtouren laufen sorgen wir daf\u00fcr, dass Sie sich wieder voll und ganz auf Ihre Pr\u00e4sentation konzentrieren k\u00f6nnen. Wir k\u00fcmmern uns um alles rund um Ihren Messeauftritt. Dazu \u00fcbernehmen wir zahlreiche Aufgaben:<\/p>\n<ul>\n<li>Beratung und Erstellung von Entw\u00fcrfen<\/li>\n<li>Design<\/li>\n<li>Planung, Organisation und Produktion<\/li>\n<li>Logistik und Transport der Messematerialien weltweit samt Installation<\/li>\n<li>Lager- und Mietservice<\/li>\n<li>Bereitstellung von g\u00e4ngigen und kosteng\u00fcnstigen Systemen f\u00fcr W\u00e4nde, B\u00f6den, Decken und Theken<\/li>\n<\/ul>\n<p>[\/vc_column_text][vc_empty_space height=&#8221;60px&#8221;][\/vc_column][\/vc_row][vc_row][vc_column][vc_custom_heading text=&#8221;DIGITALISIERUNG: WICHTIGER ALS JE ZUVOR&#8221; font_container=&#8221;tag:h4|text_align:left&#8221; use_theme_fonts=&#8221;yes&#8221;][vc_column_text]Auch der Branche der <a href=\"https:\/\/z3-livecommunication.com\/z3-exhibtion-service\/\">Messebauer<\/a> hat die Corona-Pandemie eines gezeigt: Das Thema Digitalisierung ist so wichtig wie nie zuvor. Wir erkannten die hohe Bedeutung schon fr\u00fch und besch\u00e4ftigen uns daher bereits seit 2014 intensiv damit. Das kommt uns nun zugute. Wir k\u00f6nnen auf umfassende Kenntnisse in diesem Bereich zur\u00fcckgreifen und daher positiv in die Zukunft blicken. Unternehmen sind immer st\u00e4rker auf digitale Dienstleistungen angewiesen, dessen sind wir uns durchaus bewusst.<\/p>\n<p>Deshalb arbeiten wir intensiv daran und stellen Ihnen eine komplette <a href=\"https:\/\/z3-livecommunication.com\/digital-solution\/\">digitale Roadmap<\/a> zur Verf\u00fcgung. Wir m\u00f6chten, dass auch Sie die Vorz\u00fcge der Digitalisierung optimal nutzen k\u00f6nnen, um in Zukunft deutlich effektiver zu arbeiten.\u00a0Kommunikation ist aktuell das A und O, um trotz des Berufsverbots nicht in Vergessenheit zu geraten und Kunden zu verlieren. Wichtig ist es, weiterhin Pr\u00e4senz zu zeigen und von Verl\u00e4sslichkeit zu zeugen. Digitale Werkzeuge wie die Marketing Automation helfen Ihnen dabei. Zu diesem Zweck haben wir unsere Software Credema ins Leben gerufen.[\/vc_column_text][vc_empty_space height=&#8221;70px&#8221;][\/vc_column][\/vc_row][vc_row bg_type=&#8221;image&#8221; parallax_style=&#8221;vcpb-vz-jquery&#8221; bg_image_new=&#8221;id^957|url^https:\/\/z3-livecommunication.com\/wp-content\/uploads\/2020\/07\/newhome2.jpg|caption^null|alt^null|title^newhome2|description^null&#8221; bg_image_repeat=&#8221;no-repeat&#8221; bg_override=&#8221;ex-full&#8221; enable_overlay=&#8221;enable_overlay_value&#8221; overlay_color=&#8221;rgba(23,23,23,0.75)&#8221; css=&#8221;.vc_custom_1624859762137{padding-top: 200px !important;padding-bottom: 200px !important;}&#8221;][vc_column][vc_custom_heading text=&#8221;MIT CREDEMA AUF DIGITALEM WEGE ZUR INDIVIDUELLEN KOMMUNIKATION&#8221; font_container=&#8221;tag:h2|text_align:center|color:%23f9f9f9&#8243; use_theme_fonts=&#8221;yes&#8221; css_animation=&#8221;fadeInUp&#8221;][\/vc_column][\/vc_row][vc_row][vc_column][vc_empty_space height=&#8221;80px&#8221;][vc_column_text]3\u2019000 Unternehmen weltweit machen bereits Gebrauch von unserer Software und vertrauen auf unseren umfassenden Erfahrungsschatz. Mithilfe unserer Software stellen Sie den Besuchern Ihrer Website immer genau die Informationen zur Verf\u00fcgung, die aktuell relevant sind.\u00a0Eignet sich ein Kunde gerade Wissen \u00fcber ein bestimmtes Thema an, werden ihm dank Credema weitere passende Inhalte angezeigt. Auch Beitr\u00e4ge, die aufgrund aktueller Umst\u00e4nde Relevanz haben, bekommt er zu Gesicht.<\/p>\n<p>Credema stellt Ihren Kunden also wichtige Informationen ohne Umwege zur Verf\u00fcgung und minimiert den Rechercheaufwand. Kaufentscheidungen k\u00f6nnen schneller getroffen werden, und auch Ihre Mitarbeiter werden entlastet. Denn die Software \u00fcbernimmt weite Teile der individuellen Kommunikation. Als eines unserer erfolgreichsten Produkte \u00fcberzeugt Credema mit einer fortschrittlichen Funktionalit\u00e4t. Mit unserer Arbeit im digitalen Bereich bieten wir auch in Zeiten der Pandemie eine helfende Hand.<\/p>\n<p>Credema bietet die M\u00f6glichkeit einer 30 t\u00e4gigen kostenlosen Testversion. Sie k\u00f6nnen die <a href=\"https:\/\/app.credema.eu\/app2\/create_account.pl\">Testversion<\/a> auszuprobieren, um zu schauen, ob es Ihre Bed\u00fcrfnisse erf\u00fcllt. Sie m\u00f6chten sich digital aufr\u00fcsten oder sich schon jetzt auf zuk\u00fcnftige Messen vorbereiten? Gern nehmen wir uns Ihres Projekts an und bieten ein offenes Ohr f\u00fcr all Ihre Fragen. Zahlreiche Ideen in den K\u00f6pfen unserer Mitarbeiter warten schon jetzt auf ihre Umsetzung. <a href=\"https:\/\/z3-livecommunication.com\/z3-kontakt\/\">Kontaktieren Sie uns<\/a> daher jetzt und blicken Sie gemeinsam mit uns positiv in die Zukunft.[\/vc_column_text][vc_empty_space height=&#8221;30&#8243;]<div id=\"ultimate-video-464169f2939747f55\" class=\"ult-video  ult-adjust-bottom-margin ultimate-video-464169f2939747f55 ultv-1549 \"><div class=\"ultv-video ultv-aspect-ratio-16_9 ultv-subscribe-responsive-none\" data-videotype=\"uv_iframe\">\n\t\t\t\t\t\t<div class=\"ultv-video__outer-wrap\" data-autoplay=\"0\" data-device=\"false\"  data-iconbg=\"#3A3A3A\" data-overcolor=\"\" data-defaultbg=\"#1f1f1e\" data-defaultplay=\"defaulticon\"><div class=\"ultv-video__play\" data-src=\"https:\/\/www.youtube.com\/embed\/rtaDgnLhips?rel=0&#038;start&#038;end&#038;controls=1&#038;mute=0&#038;modestbranding=0&#038;autoplay=1\">\n\t\t\t\t\t\t\t\t<img decoding=\"async\" class=\"ultv-video__thumb\" src=\"https:\/\/i.ytimg.com\/vi\/rtaDgnLhips\/maxresdefault.jpg\"\/>\n\t\t\t\t\t\t\t\t<div class=\"ultv-video__play-icon  ultv-animation-none\" style=\"width:75px\"><svg height=\"100%\" version=\"1.1\" viewBox=\"0 0 68 48\" width=\"100%\"><path class=\"ultv-youtube-icon-bg\" d=\"m .66,37.62 c 0,0 .66,4.70 2.70,6.77 2.58,2.71 5.98,2.63 7.49,2.91 5.43,.52 23.10,.68 23.12,.68 .00,-1.3e-5 14.29,-0.02 23.81,-0.71 1.32,-0.15 4.22,-0.17 6.81,-2.89 2.03,-2.07 2.70,-6.77 2.70,-6.77 0,0 .67,-5.52 .67,-11.04 l 0,-5.17 c 0,-5.52 -0.67,-11.04 -0.67,-11.04 0,0 -0.66,-4.70 -2.70,-6.77 C 62.03,.86 59.13,.84 57.80,.69 48.28,0 34.00,0 34.00,0 33.97,0 19.69,0 10.18,.69 8.85,.84 5.95,.86 3.36,3.58 1.32,5.65 .66,10.35 .66,10.35 c 0,0 -0.55,4.50 -0.66,9.45 l 0,8.36 c .10,4.94 .66,9.45 .66,9.45 z\" fill=\"#1f1f1e\" ><\/path><path d=\"m 26.96,13.67 18.37,9.62 -18.37,9.55 -0.00,-19.17 z\" fill=\"#fff\"><\/path><path d=\"M 45.02,23.46 45.32,23.28 26.96,13.67 43.32,22.34 45.02,23.46 z\" fill=\"#ccc\"><\/path><\/svg><\/div> <\/div> <\/div><\/div><\/div>[\/vc_column][\/vc_row]<\/p>\n<\/div>","protected":false},"excerpt":{"rendered":"<p>[vc_row][vc_column][vc_empty_space height=&#8221;60px&#8221;][vc_column_text]Die Corona-Pandemie stellt die Gesellschaft vor neue Herausforderungen und geht f\u00fcr einige Branchen mit einem harten Schnitt einher. Auch wir von der Z3 Live Communication AG sind davon betroffen, denn das Messegeschehen steht still. Doch das bedeutet nicht, dass auch wir selbst nichts machen. Es ist an der Zeit, die von uns eingeschlagenen Wege, [&hellip;]<\/p>\n","protected":false},"author":1,"featured_media":6616,"comment_status":"closed","ping_status":"open","sticky":false,"template":"","format":"standard","meta":{"footnotes":""},"categories":[55],"tags":[],"class_list":["post-3404","post","type-post","status-publish","format-standard","has-post-thumbnail","hentry","category-uncategorized"],"yoast_head":"<!-- This site is optimized with the Yoast SEO plugin v27.2 - https:\/\/yoast.com\/product\/yoast-seo-wordpress\/ -->\n<title>Zeit f\u00fcr neue Wege im Messegeschehen - Z3 Live Communication AG<\/title>\n<meta name=\"robots\" content=\"index, follow, max-snippet:-1, max-image-preview:large, max-video-preview:-1\" \/>\n<link rel=\"canonical\" href=\"https:\/\/z3-livecommunication.com\/en\/zeit-fuer-neue-wege-im-messegeschehen\/\" \/>\n<meta property=\"og:locale\" content=\"en_US\" \/>\n<meta property=\"og:type\" content=\"article\" \/>\n<meta property=\"og:title\" content=\"Zeit f\u00fcr neue Wege im Messegeschehen - Z3 Live Communication AG\" \/>\n<meta property=\"og:description\" content=\"[vc_row][vc_column][vc_empty_space height=&#8221;60px&#8221;][vc_column_text]Die Corona-Pandemie stellt die Gesellschaft vor neue Herausforderungen und geht f\u00fcr einige Branchen mit einem harten Schnitt einher. Auch wir von der Z3 Live Communication AG sind davon betroffen, denn das Messegeschehen steht still. Doch das bedeutet nicht, dass auch wir selbst nichts machen. Es ist an der Zeit, die von uns eingeschlagenen Wege, [&hellip;]\" \/>\n<meta property=\"og:url\" content=\"https:\/\/z3-livecommunication.com\/en\/zeit-fuer-neue-wege-im-messegeschehen\/\" \/>\n<meta property=\"og:site_name\" content=\"Z3 Live Communication AG\" \/>\n<meta property=\"article:publisher\" content=\"https:\/\/www.facebook.com\/Z3LiveCommunicationAG\" \/>\n<meta property=\"article:published_time\" content=\"2021-09-07T05:36:03+00:00\" \/>\n<meta property=\"article:modified_time\" content=\"2024-04-02T11:37:16+00:00\" \/>\n<meta property=\"og:image\" content=\"https:\/\/z3-livecommunication.com\/wp-content\/uploads\/2020\/06\/zeit-fuer-neue-wege-im-messegeschehen.jpg\" \/>\n\t<meta property=\"og:image:width\" content=\"1024\" \/>\n\t<meta property=\"og:image:height\" content=\"551\" \/>\n\t<meta property=\"og:image:type\" content=\"image\/jpeg\" \/>\n<meta name=\"twitter:card\" content=\"summary_large_image\" \/>\n<meta name=\"twitter:creator\" content=\"@Z3LiveComm\" \/>\n<meta name=\"twitter:site\" content=\"@Z3LiveComm\" \/>\n<meta name=\"twitter:label1\" content=\"Written by\" \/>\n\t<meta name=\"twitter:data1\" content=\"\" \/>\n\t<meta name=\"twitter:label2\" content=\"Est. reading time\" \/>\n\t<meta name=\"twitter:data2\" content=\"4 minutes\" \/>\n<script type=\"application\/ld+json\" class=\"yoast-schema-graph\">{\"@context\":\"https:\/\/schema.org\",\"@graph\":[{\"@type\":\"Article\",\"@id\":\"https:\/\/z3-livecommunication.com\/en\/zeit-fuer-neue-wege-im-messegeschehen\/#article\",\"isPartOf\":{\"@id\":\"https:\/\/z3-livecommunication.com\/en\/zeit-fuer-neue-wege-im-messegeschehen\/\"},\"author\":{\"name\":\"\",\"@id\":\"\"},\"headline\":\"Zeit f\u00fcr neue Wege im Messegeschehen\",\"datePublished\":\"2021-09-07T05:36:03+00:00\",\"dateModified\":\"2024-04-02T11:37:16+00:00\",\"mainEntityOfPage\":{\"@id\":\"https:\/\/z3-livecommunication.com\/en\/zeit-fuer-neue-wege-im-messegeschehen\/\"},\"wordCount\":952,\"publisher\":{\"@id\":\"https:\/\/z3-livecommunication.com\/en\/#organization\"},\"image\":{\"@id\":\"https:\/\/z3-livecommunication.com\/en\/zeit-fuer-neue-wege-im-messegeschehen\/#primaryimage\"},\"thumbnailUrl\":\"https:\/\/z3-livecommunication.com\/wp-content\/uploads\/2020\/06\/Grey-minimalist-business-project-presentation-2.jpg\",\"inLanguage\":\"en-US\"},{\"@type\":\"WebPage\",\"@id\":\"https:\/\/z3-livecommunication.com\/en\/zeit-fuer-neue-wege-im-messegeschehen\/\",\"url\":\"https:\/\/z3-livecommunication.com\/en\/zeit-fuer-neue-wege-im-messegeschehen\/\",\"name\":\"Zeit f\u00fcr neue Wege im Messegeschehen - Z3 Live Communication AG\",\"isPartOf\":{\"@id\":\"https:\/\/z3-livecommunication.com\/en\/#website\"},\"primaryImageOfPage\":{\"@id\":\"https:\/\/z3-livecommunication.com\/en\/zeit-fuer-neue-wege-im-messegeschehen\/#primaryimage\"},\"image\":{\"@id\":\"https:\/\/z3-livecommunication.com\/en\/zeit-fuer-neue-wege-im-messegeschehen\/#primaryimage\"},\"thumbnailUrl\":\"https:\/\/z3-livecommunication.com\/wp-content\/uploads\/2020\/06\/Grey-minimalist-business-project-presentation-2.jpg\",\"datePublished\":\"2021-09-07T05:36:03+00:00\",\"dateModified\":\"2024-04-02T11:37:16+00:00\",\"breadcrumb\":{\"@id\":\"https:\/\/z3-livecommunication.com\/en\/zeit-fuer-neue-wege-im-messegeschehen\/#breadcrumb\"},\"inLanguage\":\"en-US\",\"potentialAction\":[{\"@type\":\"ReadAction\",\"target\":[\"https:\/\/z3-livecommunication.com\/en\/zeit-fuer-neue-wege-im-messegeschehen\/\"]}]},{\"@type\":\"ImageObject\",\"inLanguage\":\"en-US\",\"@id\":\"https:\/\/z3-livecommunication.com\/en\/zeit-fuer-neue-wege-im-messegeschehen\/#primaryimage\",\"url\":\"https:\/\/z3-livecommunication.com\/wp-content\/uploads\/2020\/06\/Grey-minimalist-business-project-presentation-2.jpg\",\"contentUrl\":\"https:\/\/z3-livecommunication.com\/wp-content\/uploads\/2020\/06\/Grey-minimalist-business-project-presentation-2.jpg\",\"width\":1200,\"height\":675},{\"@type\":\"BreadcrumbList\",\"@id\":\"https:\/\/z3-livecommunication.com\/en\/zeit-fuer-neue-wege-im-messegeschehen\/#breadcrumb\",\"itemListElement\":[{\"@type\":\"ListItem\",\"position\":1,\"name\":\"Home\",\"item\":\"https:\/\/z3-livecommunication.com\/en\/\"},{\"@type\":\"ListItem\",\"position\":2,\"name\":\"Zeit f\u00fcr neue Wege im Messegeschehen\"}]},{\"@type\":\"WebSite\",\"@id\":\"https:\/\/z3-livecommunication.com\/en\/#website\",\"url\":\"https:\/\/z3-livecommunication.com\/en\/\",\"name\":\"Z3 Live Communication AG\",\"description\":\"Ein Partner 195 L\u00e4nder\",\"publisher\":{\"@id\":\"https:\/\/z3-livecommunication.com\/en\/#organization\"},\"potentialAction\":[{\"@type\":\"SearchAction\",\"target\":{\"@type\":\"EntryPoint\",\"urlTemplate\":\"https:\/\/z3-livecommunication.com\/en\/?s={search_term_string}\"},\"query-input\":{\"@type\":\"PropertyValueSpecification\",\"valueRequired\":true,\"valueName\":\"search_term_string\"}}],\"inLanguage\":\"en-US\"},{\"@type\":\"Organization\",\"@id\":\"https:\/\/z3-livecommunication.com\/en\/#organization\",\"name\":\"Z3 Live Communication AG\",\"url\":\"https:\/\/z3-livecommunication.com\/en\/\",\"logo\":{\"@type\":\"ImageObject\",\"inLanguage\":\"en-US\",\"@id\":\"https:\/\/z3-livecommunication.com\/en\/#\/schema\/logo\/image\/\",\"url\":\"https:\/\/z3-livecommunication.com\/wp-content\/uploads\/2021\/06\/Design-ohne-Titel-8.png\",\"contentUrl\":\"https:\/\/z3-livecommunication.com\/wp-content\/uploads\/2021\/06\/Design-ohne-Titel-8.png\",\"width\":1500,\"height\":1500,\"caption\":\"Z3 Live Communication AG\"},\"image\":{\"@id\":\"https:\/\/z3-livecommunication.com\/en\/#\/schema\/logo\/image\/\"},\"sameAs\":[\"https:\/\/www.facebook.com\/Z3LiveCommunicationAG\",\"https:\/\/x.com\/Z3LiveComm\",\"https:\/\/www.instagram.com\/z3livecommunicationag\/\",\"https:\/\/www.linkedin.com\/company\/z3livecomm\/\",\"https:\/\/www.youtube.com\/channel\/UC2ninKttZzd17j8bLl6gLnA\"]},{\"@type\":\"Person\",\"@id\":\"\",\"url\":\"https:\/\/z3-livecommunication.com\/en\/author\/\"}]}<\/script>\n<!-- \/ Yoast SEO plugin. -->","yoast_head_json":{"title":"Zeit f\u00fcr neue Wege im Messegeschehen - Z3 Live Communication AG","robots":{"index":"index","follow":"follow","max-snippet":"max-snippet:-1","max-image-preview":"max-image-preview:large","max-video-preview":"max-video-preview:-1"},"canonical":"https:\/\/z3-livecommunication.com\/en\/zeit-fuer-neue-wege-im-messegeschehen\/","og_locale":"en_US","og_type":"article","og_title":"Zeit f\u00fcr neue Wege im Messegeschehen - Z3 Live Communication AG","og_description":"[vc_row][vc_column][vc_empty_space height=&#8221;60px&#8221;][vc_column_text]Die Corona-Pandemie stellt die Gesellschaft vor neue Herausforderungen und geht f\u00fcr einige Branchen mit einem harten Schnitt einher. Auch wir von der Z3 Live Communication AG sind davon betroffen, denn das Messegeschehen steht still. Doch das bedeutet nicht, dass auch wir selbst nichts machen. Es ist an der Zeit, die von uns eingeschlagenen Wege, [&hellip;]","og_url":"https:\/\/z3-livecommunication.com\/en\/zeit-fuer-neue-wege-im-messegeschehen\/","og_site_name":"Z3 Live Communication AG","article_publisher":"https:\/\/www.facebook.com\/Z3LiveCommunicationAG","article_published_time":"2021-09-07T05:36:03+00:00","article_modified_time":"2024-04-02T11:37:16+00:00","og_image":[{"width":1024,"height":551,"url":"https:\/\/z3-livecommunication.com\/wp-content\/uploads\/2020\/06\/zeit-fuer-neue-wege-im-messegeschehen.jpg","type":"image\/jpeg"}],"twitter_card":"summary_large_image","twitter_creator":"@Z3LiveComm","twitter_site":"@Z3LiveComm","twitter_misc":{"Written by":"","Est. reading time":"4 minutes"},"schema":{"@context":"https:\/\/schema.org","@graph":[{"@type":"Article","@id":"https:\/\/z3-livecommunication.com\/en\/zeit-fuer-neue-wege-im-messegeschehen\/#article","isPartOf":{"@id":"https:\/\/z3-livecommunication.com\/en\/zeit-fuer-neue-wege-im-messegeschehen\/"},"author":{"name":"","@id":""},"headline":"Zeit f\u00fcr neue Wege im Messegeschehen","datePublished":"2021-09-07T05:36:03+00:00","dateModified":"2024-04-02T11:37:16+00:00","mainEntityOfPage":{"@id":"https:\/\/z3-livecommunication.com\/en\/zeit-fuer-neue-wege-im-messegeschehen\/"},"wordCount":952,"publisher":{"@id":"https:\/\/z3-livecommunication.com\/en\/#organization"},"image":{"@id":"https:\/\/z3-livecommunication.com\/en\/zeit-fuer-neue-wege-im-messegeschehen\/#primaryimage"},"thumbnailUrl":"https:\/\/z3-livecommunication.com\/wp-content\/uploads\/2020\/06\/Grey-minimalist-business-project-presentation-2.jpg","inLanguage":"en-US"},{"@type":"WebPage","@id":"https:\/\/z3-livecommunication.com\/en\/zeit-fuer-neue-wege-im-messegeschehen\/","url":"https:\/\/z3-livecommunication.com\/en\/zeit-fuer-neue-wege-im-messegeschehen\/","name":"Zeit f\u00fcr neue Wege im Messegeschehen - Z3 Live Communication AG","isPartOf":{"@id":"https:\/\/z3-livecommunication.com\/en\/#website"},"primaryImageOfPage":{"@id":"https:\/\/z3-livecommunication.com\/en\/zeit-fuer-neue-wege-im-messegeschehen\/#primaryimage"},"image":{"@id":"https:\/\/z3-livecommunication.com\/en\/zeit-fuer-neue-wege-im-messegeschehen\/#primaryimage"},"thumbnailUrl":"https:\/\/z3-livecommunication.com\/wp-content\/uploads\/2020\/06\/Grey-minimalist-business-project-presentation-2.jpg","datePublished":"2021-09-07T05:36:03+00:00","dateModified":"2024-04-02T11:37:16+00:00","breadcrumb":{"@id":"https:\/\/z3-livecommunication.com\/en\/zeit-fuer-neue-wege-im-messegeschehen\/#breadcrumb"},"inLanguage":"en-US","potentialAction":[{"@type":"ReadAction","target":["https:\/\/z3-livecommunication.com\/en\/zeit-fuer-neue-wege-im-messegeschehen\/"]}]},{"@type":"ImageObject","inLanguage":"en-US","@id":"https:\/\/z3-livecommunication.com\/en\/zeit-fuer-neue-wege-im-messegeschehen\/#primaryimage","url":"https:\/\/z3-livecommunication.com\/wp-content\/uploads\/2020\/06\/Grey-minimalist-business-project-presentation-2.jpg","contentUrl":"https:\/\/z3-livecommunication.com\/wp-content\/uploads\/2020\/06\/Grey-minimalist-business-project-presentation-2.jpg","width":1200,"height":675},{"@type":"BreadcrumbList","@id":"https:\/\/z3-livecommunication.com\/en\/zeit-fuer-neue-wege-im-messegeschehen\/#breadcrumb","itemListElement":[{"@type":"ListItem","position":1,"name":"Home","item":"https:\/\/z3-livecommunication.com\/en\/"},{"@type":"ListItem","position":2,"name":"Zeit f\u00fcr neue Wege im Messegeschehen"}]},{"@type":"WebSite","@id":"https:\/\/z3-livecommunication.com\/en\/#website","url":"https:\/\/z3-livecommunication.com\/en\/","name":"Z3 Live Communication AG","description":"Ein Partner 195 L\u00e4nder","publisher":{"@id":"https:\/\/z3-livecommunication.com\/en\/#organization"},"potentialAction":[{"@type":"SearchAction","target":{"@type":"EntryPoint","urlTemplate":"https:\/\/z3-livecommunication.com\/en\/?s={search_term_string}"},"query-input":{"@type":"PropertyValueSpecification","valueRequired":true,"valueName":"search_term_string"}}],"inLanguage":"en-US"},{"@type":"Organization","@id":"https:\/\/z3-livecommunication.com\/en\/#organization","name":"Z3 Live Communication AG","url":"https:\/\/z3-livecommunication.com\/en\/","logo":{"@type":"ImageObject","inLanguage":"en-US","@id":"https:\/\/z3-livecommunication.com\/en\/#\/schema\/logo\/image\/","url":"https:\/\/z3-livecommunication.com\/wp-content\/uploads\/2021\/06\/Design-ohne-Titel-8.png","contentUrl":"https:\/\/z3-livecommunication.com\/wp-content\/uploads\/2021\/06\/Design-ohne-Titel-8.png","width":1500,"height":1500,"caption":"Z3 Live Communication AG"},"image":{"@id":"https:\/\/z3-livecommunication.com\/en\/#\/schema\/logo\/image\/"},"sameAs":["https:\/\/www.facebook.com\/Z3LiveCommunicationAG","https:\/\/x.com\/Z3LiveComm","https:\/\/www.instagram.com\/z3livecommunicationag\/","https:\/\/www.linkedin.com\/company\/z3livecomm\/","https:\/\/www.youtube.com\/channel\/UC2ninKttZzd17j8bLl6gLnA"]},{"@type":"Person","@id":"","url":"https:\/\/z3-livecommunication.com\/en\/author\/"}]}},"_links":{"self":[{"href":"https:\/\/z3-livecommunication.com\/en\/wp-json\/wp\/v2\/posts\/3404","targetHints":{"allow":["GET"]}}],"collection":[{"href":"https:\/\/z3-livecommunication.com\/en\/wp-json\/wp\/v2\/posts"}],"about":[{"href":"https:\/\/z3-livecommunication.com\/en\/wp-json\/wp\/v2\/types\/post"}],"author":[{"embeddable":true,"href":"https:\/\/z3-livecommunication.com\/en\/wp-json\/wp\/v2\/users\/1"}],"replies":[{"embeddable":true,"href":"https:\/\/z3-livecommunication.com\/en\/wp-json\/wp\/v2\/comments?post=3404"}],"version-history":[{"count":0,"href":"https:\/\/z3-livecommunication.com\/en\/wp-json\/wp\/v2\/posts\/3404\/revisions"}],"wp:featuredmedia":[{"embeddable":true,"href":"https:\/\/z3-livecommunication.com\/en\/wp-json\/wp\/v2\/media\/6616"}],"wp:attachment":[{"href":"https:\/\/z3-livecommunication.com\/en\/wp-json\/wp\/v2\/media?parent=3404"}],"wp:term":[{"taxonomy":"category","embeddable":true,"href":"https:\/\/z3-livecommunication.com\/en\/wp-json\/wp\/v2\/categories?post=3404"},{"taxonomy":"post_tag","embeddable":true,"href":"https:\/\/z3-livecommunication.com\/en\/wp-json\/wp\/v2\/tags?post=3404"}],"curies":[{"name":"wp","href":"https:\/\/api.w.org\/{rel}","templated":true}]}}